{"id":1598,"date":"2020-12-20T15:06:16","date_gmt":"2020-12-20T14:06:16","guid":{"rendered":"https:\/\/asv-petri-heil.de\/cms\/?p=1598"},"modified":"2025-04-10T11:35:50","modified_gmt":"2025-04-10T09:35:50","slug":"jugend-allgemein","status":"publish","type":"post","link":"https:\/\/asv-petri-heil.de\/cms\/jugend-allgemein\/","title":{"rendered":"Jugend allgemein"},"content":{"rendered":"\n<p>Seit 1971 besteht unsere Jugendgruppe, die sich in Unterfranken einen guten Ruf verschafft hat. Von Anfang an waren wir an den Aktivit\u00e4ten der Fischerjugend Unterfranken beteiligt. Mehrmals konnte bereits der Sieger beim K\u00f6nigsfischen innerhalb der Ausbildungszeltlager gestellt werden, an dem wir schon seit Jahrzehnten regelm\u00e4\u00dfig teilnehmen.<\/p>\n\n\n\n<figure class=\"wp-block-image size-full\"><img loading=\"lazy\" decoding=\"async\" width=\"1024\" height=\"598\" src=\"https:\/\/asv-petri-heil.de\/cms\/wp-content\/uploads\/2020\/12\/20230702_104725.jpg\" alt=\"\" class=\"wp-image-2625\" srcset=\"https:\/\/asv-petri-heil.de\/cms\/wp-content\/uploads\/2020\/12\/20230702_104725.jpg 1024w, https:\/\/asv-petri-heil.de\/cms\/wp-content\/uploads\/2020\/12\/20230702_104725-300x175.jpg 300w, https:\/\/asv-petri-heil.de\/cms\/wp-content\/uploads\/2020\/12\/20230702_104725-768x449.jpg 768w\" sizes=\"auto, (max-width: 1024px) 100vw, 1024px\" \/><figcaption class=\"wp-element-caption\">Die Jugendleitung 2025: Sebastia K\u00f6chl, Jonas Glawion und Lukas Plha<\/figcaption><\/figure>\n\n\n\n<figure class=\"wp-block-image size-large\"><img loading=\"lazy\" decoding=\"async\" width=\"1024\" height=\"515\" src=\"https:\/\/asv-petri-heil.de\/cms\/wp-content\/uploads\/2021\/01\/Jugendgruppe-auf-der-Stange.jpg\" alt=\"\" class=\"wp-image-1884\" srcset=\"https:\/\/asv-petri-heil.de\/cms\/wp-content\/uploads\/2021\/01\/Jugendgruppe-auf-der-Stange.jpg 1024w, https:\/\/asv-petri-heil.de\/cms\/wp-content\/uploads\/2021\/01\/Jugendgruppe-auf-der-Stange-300x151.jpg 300w, https:\/\/asv-petri-heil.de\/cms\/wp-content\/uploads\/2021\/01\/Jugendgruppe-auf-der-Stange-768x386.jpg 768w\" sizes=\"auto, (max-width: 1024px) 100vw, 1024px\" \/><figcaption class=\"wp-element-caption\">Schon damals mit dabei: Jonas und Lukas beim Jugendzeltlager 2002<\/figcaption><\/figure>\n\n\n\n<p>Ein Zeltlager am Vereinssee ist seit 1992 ebenfalls obligatorisch. Sozusagen der H\u00f6hepunkt des Jahres. Einige Wochen sp\u00e4ter immer unsere Ferienspiele, die fester Bestandteil im Gro\u00dfostheimer Terminkalender sind.<\/p>\n\n\n\n<p>Nachdem der See gekauft worden war, hatten wir einen regelrechten Boom zu verzeichnen. Hatten wir in der Jugendgruppe zu Spitzenzeiten mehr als 40 Jugendliche und davon \u00fcber 20 immer aktive Teilnehmer, so sind auch bei uns die Teilnehmerzahlen auf unter 10 geschrumpft. Dieses Problem haben jedoch fast alle Vereine, denn die Anzahl der Freizeitangebote ist gestiegen, aber die Anzahl an Geburten stagniert schon seit Jahren. Hinzu kommt Kollege Computer und Smartphone, die zwar bequemer sind, aber sicherlich weniger Abenteuer bieten k\u00f6nnen.<\/p>\n\n\n\n<figure class=\"wp-block-image size-large\"><img loading=\"lazy\" decoding=\"async\" width=\"1024\" height=\"682\" src=\"https:\/\/asv-petri-heil.de\/cms\/wp-content\/uploads\/2020\/12\/Erfassung-am-Rathaus-2.jpg\" alt=\"\" class=\"wp-image-1747\" srcset=\"https:\/\/asv-petri-heil.de\/cms\/wp-content\/uploads\/2020\/12\/Erfassung-am-Rathaus-2.jpg 1024w, https:\/\/asv-petri-heil.de\/cms\/wp-content\/uploads\/2020\/12\/Erfassung-am-Rathaus-2-300x200.jpg 300w, https:\/\/asv-petri-heil.de\/cms\/wp-content\/uploads\/2020\/12\/Erfassung-am-Rathaus-2-768x512.jpg 768w\" sizes=\"auto, (max-width: 1024px) 100vw, 1024px\" \/><figcaption class=\"wp-element-caption\">Bereits 2001: Welzbachkartierung am Gro\u00dfostheimer Rathaus<\/figcaption><\/figure>\n\n\n\n<p>Auch wenn Angeln immer noch an erster Stelle steht, so hat Naturschutz  schon immer einen hohen Stellenwert in unserer Ausbildungsphilosophie.<\/p>\n\n\n\n<p>Da Angeln viel mehr Equipment als bei den meisten anderen Vereinssportarten ben\u00f6tigt und neben den Kosten f\u00fcr Angelscheine der Kauf der Ausr\u00fcstung schnell 100 \u20ac \u00fcberschreitet, stellen wir Angelruten, Kescher und Kleinutensilien bei unseren Aktivit\u00e4ten leihweise zur Verf\u00fcgung. Vor allem bei unseren Jugendwertungsangeln werden die Jugendlichen praktisch und theoretisch unterrichtet. Das Bestehen der Fischerpr\u00fcfung ist dann f\u00fcr unsere Jugendlichen eigentlich nur noch eine Pflicht\u00fcbung.<\/p>\n\n\n\n<p>Unbestritten ist, dass es ohne den See und den engagierten Einsatz der Jugendleiter nicht m\u00f6glich w\u00e4re, den Bestand des Vereins langfristig zu sichern. Von den zirka 140 Mitgliedern sind etwa die H\u00e4lfte ehemalige Jugendliche der Jugendgruppe. Auch die Vorstandschaft besteht mittlerweile aus etlichen ehemaligen Jugendlichen.<\/p>\n","protected":false},"excerpt":{"rendered":"<p>Seit 1971 besteht unsere Jugendgruppe, die sich in Unterfranken einen guten Ruf verschafft hat. Von Anfang an waren wir an den Aktivit\u00e4ten der Fischerjugend Unterfranken beteiligt. Mehrmals konnte bereits der [&hellip;]<\/p>\n","protected":false},"author":2,"featured_media":0,"comment_status":"closed","ping_status":"open","sticky":false,"template":"","format":"standard","meta":{"footnotes":""},"categories":[3],"tags":[66,67,9,68],"class_list":["post-1598","post","type-post","status-publish","format-standard","hentry","category-jugend","tag-anglerjugend","tag-fischerjugend","tag-jugendgruppe","tag-jungangler"],"aioseo_notices":[],"_links":{"self":[{"href":"https:\/\/asv-petri-heil.de\/cms\/wp-json\/wp\/v2\/posts\/1598","targetHints":{"allow":["GET"]}}],"collection":[{"href":"https:\/\/asv-petri-heil.de\/cms\/wp-json\/wp\/v2\/posts"}],"about":[{"href":"https:\/\/asv-petri-heil.de\/cms\/wp-json\/wp\/v2\/types\/post"}],"author":[{"embeddable":true,"href":"https:\/\/asv-petri-heil.de\/cms\/wp-json\/wp\/v2\/users\/2"}],"replies":[{"embeddable":true,"href":"https:\/\/asv-petri-heil.de\/cms\/wp-json\/wp\/v2\/comments?post=1598"}],"version-history":[{"count":14,"href":"https:\/\/asv-petri-heil.de\/cms\/wp-json\/wp\/v2\/posts\/1598\/revisions"}],"predecessor-version":[{"id":2627,"href":"https:\/\/asv-petri-heil.de\/cms\/wp-json\/wp\/v2\/posts\/1598\/revisions\/2627"}],"wp:attachment":[{"href":"https:\/\/asv-petri-heil.de\/cms\/wp-json\/wp\/v2\/media?parent=1598"}],"wp:term":[{"taxonomy":"category","embeddable":true,"href":"https:\/\/asv-petri-heil.de\/cms\/wp-json\/wp\/v2\/categories?post=1598"},{"taxonomy":"post_tag","embeddable":true,"href":"https:\/\/asv-petri-heil.de\/cms\/wp-json\/wp\/v2\/tags?post=1598"}],"curies":[{"name":"wp","href":"https:\/\/api.w.org\/{rel}","templated":true}]}}